{"id":1591,"date":"2021-03-11T07:52:52","date_gmt":"2021-03-11T07:52:52","guid":{"rendered":"https:\/\/www.fundacioncanal.com\/blog\/?p=1591"},"modified":"2022-12-30T11:36:49","modified_gmt":"2022-12-30T11:36:49","slug":"empleate-en-verde","status":"publish","type":"post","link":"https:\/\/www.fundacioncanal.com\/blog\/empleate-en-verde\/","title":{"rendered":"Empl\u00e9ate en verde"},"content":{"rendered":"\n<p class=\"has-text-color has-thb-accent-color\"><em>(Tiempo de lectura estimada: 5 minutos) <\/em>\u2013 <strong>Art\u00edculo disponible en audio<\/strong>.<\/p>\n\n\n\n<figure class=\"wp-block-audio\"><audio controls src=\"https:\/\/www.fundacioncanal.com\/blog\/wp-content\/uploads\/2021\/03\/LOCU-ALVARO-REINA-EMPLEATE-EN-VERDE_COMP.mp3\"><\/audio><\/figure>\n\n\n\n<div style=\"height:37px\" aria-hidden=\"true\" class=\"wp-block-spacer\"><\/div>\n\n\n\n<p>Las medidas adoptadas en los \u00faltimos a\u00f1os para construir una econom\u00eda y una sociedad resilientes al <strong>cambio clim\u00e1tico<\/strong> han hecho que el <strong>empleo verde<\/strong> sea una opci\u00f3n cada vez con mayor potencial para la reinvenci\u00f3n de muchos profesionales en b\u00fasqueda de nuevos caminos laborales. Tambi\u00e9n para la incorporaci\u00f3n al mercado laboral de muchos j\u00f3venes con vocaci\u00f3n ambiental. Empleo verde es todo aquel que contribuye a preservar y restaurar el medio ambiente. No es necesario que se desempe\u00f1e en sectores como las renovables o la eficiencia energ\u00e9tica, tiene perfecta cabida en el mercado tradicional. Puede darse en la manufactura o en la construcci\u00f3n. El camino de la transici\u00f3n ecol\u00f3gica total es necesario a todos los niveles (OIT). As\u00ed que tiene cabida en todos los \u00e1mbitos de la econom\u00eda, ya que en todos ellos es necesario reducir el consumo de <strong>materias primas<\/strong>, culminar la <strong>descarbonizaci\u00f3n<\/strong> y proteger la <strong>biodiversidad<\/strong>.<\/p>\n\n\n\n<p>El <strong>Plan Nacional Integrado de Energ\u00eda y Clima<\/strong> (PNIEC) 2021-2030, el <strong>Marco Estrat\u00e9gico de Energ\u00eda y Clima<\/strong> o <strong>Plan Nacional de Adaptaci\u00f3n al Cambio Clim\u00e1tico <\/strong>(PNACC) 2021-2030, adem\u00e1s de la inminente aprobaci\u00f3n del proyecto de L<strong>ey de Cambio Clim\u00e1tico y Transici\u00f3n Energ\u00e9tica<\/strong>, han aumentado las oportunidades de este tipo de empleos. La puesta en valor del medio ambiente y de las energ\u00edas limpias son el motor de esta apuesta por la econom\u00eda verde, que conlleva la reindustrializaci\u00f3n del pa\u00eds y la atracci\u00f3n de inversi\u00f3n. Y todo apunta a que sea as\u00ed, ya en 2019 la inversi\u00f3n mundial en transici\u00f3n energ\u00e9tica ha alcanzado por primera vez los 500.000 millones de d\u00f3lares (<a href=\"https:\/\/assets.bbhub.io\/professional\/sites\/24\/Energy-Transition-Investment-Trends_Free-Summary_Jan2021.pdf\">BloombergNEF, 2021<\/a>).<\/p>\n\n\n\n<p>En esta direcci\u00f3n precisamente los fondos reci\u00e9n aprobados por la <strong>Uni\u00f3n Europea<\/strong> para la recuperaci\u00f3n econ\u00f3mica de la regi\u00f3n tras el receso sufrido ante la aparici\u00f3n de la crisis del COVID-19 y el hecho de que las propias instituciones europeas los hayan vinculado con el <strong>Pacto Verde Europeo<\/strong> suponen una doble oportunidad para aumentar las infraestructuras verdes en nuestro pa\u00eds. Ello ha hecho posible que el \u2018<strong>Plan de Recuperaci\u00f3n, Transformaci\u00f3n y Resiliencia de la Econom\u00eda espa\u00f1ola<\/strong>\u2019 destine el 9% de sus recursos -140.000 millones de euros- a la transici\u00f3n energ\u00e9tica; el 12% a impulsar las infraestructuras (urbanas, energ\u00e9ticas, transporte\u2026) y los ecosistemas resilientes y el 16% a luchar contra la despoblaci\u00f3n y el desarrollo de la agricultura.\u00a0 \u00a0\u00a0\u00a0<\/p>\n\n\n\n<p>De alcanzarse los <strong>Objetivos de Desarrollo Sostenible<\/strong> propuestos por <strong>Naciones Unidas<\/strong> para 2030, las estimaciones indican que a nivel mundial para esa fecha se podr\u00edan haber creado 380 millones de nuevos empleos en sectores como la energ\u00eda y los materiales; la alimentaci\u00f3n y la agricultura; las ciudades, o la salud y el bienestar (<a href=\"https:\/\/sustainabledevelopment.un.org\/content\/documents\/2399BetterBusinessBetterWorld.pdf\">Informe \u2018Better Business, Better World\u2019, Enero 2017<\/a>).<\/p>\n\n\n\n<p>En Espa\u00f1a, el Gobierno estima que las medidas del <strong>Plan Nacional Integrado de Energ\u00eda y Clima<\/strong> podr\u00edan generar entre 253.000 y 348.000 nuevos empleos por a\u00f1o. En su evaluaci\u00f3n del impacto econ\u00f3mico, social y sobre la salud p\u00fablica del <strong>Borrador Actualizado<\/strong> del <strong>PNIEC <\/strong>indica que s\u00f3lo con las inversiones en renovables se generar\u00edan entre 107.000 y 135.000 empleos al a\u00f1o en servicios asociados al sector como industria manufacturera o construcci\u00f3n. Tambi\u00e9n se\u00f1ala que las inversiones en ahorro y eficiencia energ\u00e9tica dar\u00edan lugar a entre 52.000 y 100.000 puestos de trabajo anuales (<a href=\"https:\/\/www.miteco.gob.es\/images\/es\/pniec_2021-2030_informesocioeconomico_borradoractualizado_tcm30-506495.pdf\">MITECO, Enero 2020<\/a>). <\/p>\n\n\n\n<p>La <strong>transici\u00f3n ecol\u00f3gica<\/strong> se presenta, por tanto, como una gran oportunidad tanto para emprendedores como para profesionales que quieran reinventarse. Reciclarse para poder incorporarse al empleo verde se ha convertido en una gran opci\u00f3n. Adem\u00e1s, la formaci\u00f3n en materia medioambiental va a ser necesaria en muchas empresas para adaptarse a las nuevas normas t\u00e9cnicas y novedades legislativas que todos estos cambios exigen. La gesti\u00f3n de los residuos urbanos e industriales o del agua, el turismo sostenible, la evaluaci\u00f3n e impacto ambientales, la eficiencia energ\u00e9tica\u2026 Hay m\u00faltiples posibilidades. En este sentido, los sistemas integrales de apoyo para la formaci\u00f3n pueden realizar una gran funci\u00f3n. Desde la Uni\u00f3n Europea la <strong>Estrategia de Competencias<\/strong> busca ayudar a las personas y a las empresas a desarrollar una mayor competitividad sostenible (<a href=\"https:\/\/www.cedefop.europa.eu\/files\/9153_es.pdf\">Centro Europeo para el Desarrollo de la Formaci\u00f3n Profesional<\/a>). <\/p>\n\n\n\n<p>En Espa\u00f1a el <strong>Programa Empleaverde <\/strong>de la <strong>Fundaci\u00f3n Biodiversidad<\/strong>, cofinanciado por el <strong>Fondo Social Europeo<\/strong>, busca crear empleo y apoyar la creaci\u00f3n de empresas en el marco de la econom\u00eda verde. El a\u00f1o pasado destin\u00f3 a este fin 7,8 millones de euros. Lo hace a trav\u00e9s de la publicaci\u00f3n de convocatoria de subvenciones y de proyectos propios como la <strong>Red emprendeverde<\/strong> (<a href=\"https:\/\/www.empleaverde.es\/programa-empleaverde\">Fundaci\u00f3n Biodiversidad<\/a>). <\/p>\n\n\n\n<p>Tambi\u00e9n la Fundaci\u00f3n Biodiversidad tiene una gran oferta de cursos de formaci\u00f3n y un buscador en su <em>site <\/em>de actividades formativas iniciativa de otras entidades. En general, hay muchas organizaciones y universidades que ofrecen desde m\u00e1steres hasta cursos o talleres especializados y formaci\u00f3n universitaria o profesional. El <strong>Ministerio para la Transici\u00f3n Ecol\u00f3gica y el Reto Demogr\u00e1fico<\/strong> ha habilitado una p\u00e1gina para consultarlas que se denomina <strong>Formaci\u00f3n Ambiental<\/strong>. (<a href=\"https:\/\/www.miteco.gob.es\/es\/ceneam\/formacion-ambiental\/\">MITECO<\/a>).<\/p>\n\n\n\n<p>Reverdecer tu curr\u00edculum ahora puede ayudarte a colaborar con tu trabajo en la creaci\u00f3n de un mundo mejor ma\u00f1ana.<\/p>\n\n\n\n<div style=\"height:37px\" aria-hidden=\"true\" class=\"wp-block-spacer\"><\/div>\n\n\n\n<p>Si quieres saber m\u00e1s sobre <strong><em>Econom\u00eda verde<\/em><\/strong> no te puedes perder <a href=\"https:\/\/www.fundacioncanal.com\/blog\/cuanto-cuesta-el-cambio-climatico\/\">\u00ab\u00bfCu\u00e1nto cuesta el cambio clim\u00e1tico?\u00bb<\/a>.<\/p>\n","protected":false},"excerpt":{"rendered":"<p>(Tiempo de lectura estimada: 5 minutos) \u2013 Art\u00edculo disponible en audio. Las medidas adoptadas en los \u00faltimos a\u00f1os para construir una econom\u00eda y una sociedad resilientes al cambio clim\u00e1tico han hecho que el empleo verde sea una opci\u00f3n cada vez con mayor potencial para la reinvenci\u00f3n de muchos profesionales en b\u00fasqueda de nuevos caminos laborales.&hellip;<\/p>\n","protected":false},"author":10,"featured_media":1550,"comment_status":"open","ping_status":"open","sticky":false,"template":"","format":"standard","meta":{"footnotes":""},"categories":[96],"tags":[],"class_list":["post-1591","post","type-post","status-publish","format-standard","has-post-thumbnail","hentry","category-economia-verde"],"yoast_head":"<!-- This site is optimized with the Yoast SEO plugin v28.3 - https:\/\/yoast.com\/product\/yoast-seo-wordpress\/ -->\n<title>Empl\u00e9ate en verde - Fundaci\u00f3n Canal<\/title>\n<meta name=\"description\" content=\"Empl\u00e9ate en verde\" \/>\n<meta name=\"robots\" content=\"index, follow, max-snippet:-1, max-image-preview:large, max-video-preview:-1\" \/>\n<link rel=\"canonical\" href=\"https:\/\/www.fundacioncanal.com\/blog\/empleate-en-verde\/\" \/>\n<meta property=\"og:locale\" content=\"es_ES\" \/>\n<meta property=\"og:type\" content=\"article\" \/>\n<meta property=\"og:title\" content=\"Empl\u00e9ate en verde - Fundaci\u00f3n Canal\" \/>\n<meta property=\"og:description\" content=\"Empl\u00e9ate en verde\" \/>\n<meta property=\"og:url\" content=\"https:\/\/www.fundacioncanal.com\/blog\/empleate-en-verde\/\" \/>\n<meta property=\"og:site_name\" content=\"Fundaci\u00f3n Canal\" \/>\n<meta property=\"article:published_time\" content=\"2021-03-11T07:52:52+00:00\" \/>\n<meta property=\"article:modified_time\" content=\"2022-12-30T11:36:49+00:00\" \/>\n<meta property=\"og:image\" content=\"https:\/\/www.fundacioncanal.com\/blog\/wp-content\/uploads\/2021\/02\/blog-eficiencia-FEBRERO-1024x683.jpg\" \/>\n\t<meta property=\"og:image:width\" content=\"1024\" \/>\n\t<meta property=\"og:image:height\" content=\"683\" \/>\n\t<meta property=\"og:image:type\" content=\"image\/jpeg\" \/>\n<meta name=\"author\" content=\"Meytel\" \/>\n<meta name=\"twitter:card\" content=\"summary_large_image\" \/>\n<meta name=\"twitter:label1\" content=\"Escrito por\" \/>\n\t<meta name=\"twitter:data1\" content=\"Meytel\" \/>\n\t<meta name=\"twitter:label2\" content=\"Tiempo de lectura\" \/>\n\t<meta name=\"twitter:data2\" content=\"5 minutos\" \/>\n<script type=\"application\/ld+json\" class=\"yoast-schema-graph\">{\"@context\":\"https:\\\/\\\/schema.org\",\"@graph\":[{\"@type\":\"Article\",\"@id\":\"https:\\\/\\\/www.fundacioncanal.com\\\/blog\\\/empleate-en-verde\\\/#article\",\"isPartOf\":{\"@id\":\"https:\\\/\\\/www.fundacioncanal.com\\\/blog\\\/empleate-en-verde\\\/\"},\"author\":{\"name\":\"Meytel\",\"@id\":\"https:\\\/\\\/www.fundacioncanal.com\\\/blog\\\/#\\\/schema\\\/person\\\/a7a3324151245c7e962937d5d2e70356\"},\"headline\":\"Empl\u00e9ate en verde\",\"datePublished\":\"2021-03-11T07:52:52+00:00\",\"dateModified\":\"2022-12-30T11:36:49+00:00\",\"mainEntityOfPage\":{\"@id\":\"https:\\\/\\\/www.fundacioncanal.com\\\/blog\\\/empleate-en-verde\\\/\"},\"wordCount\":938,\"commentCount\":0,\"image\":{\"@id\":\"https:\\\/\\\/www.fundacioncanal.com\\\/blog\\\/empleate-en-verde\\\/#primaryimage\"},\"thumbnailUrl\":\"https:\\\/\\\/www.fundacioncanal.com\\\/blog\\\/wp-content\\\/uploads\\\/2021\\\/02\\\/blog-eficiencia-FEBRERO.jpg\",\"articleSection\":[\"Econom\u00eda verde\"],\"inLanguage\":\"es\",\"potentialAction\":[{\"@type\":\"CommentAction\",\"name\":\"Comment\",\"target\":[\"https:\\\/\\\/www.fundacioncanal.com\\\/blog\\\/empleate-en-verde\\\/#respond\"]}]},{\"@type\":\"WebPage\",\"@id\":\"https:\\\/\\\/www.fundacioncanal.com\\\/blog\\\/empleate-en-verde\\\/\",\"url\":\"https:\\\/\\\/www.fundacioncanal.com\\\/blog\\\/empleate-en-verde\\\/\",\"name\":\"Empl\u00e9ate en verde - Fundaci\u00f3n Canal\",\"isPartOf\":{\"@id\":\"https:\\\/\\\/www.fundacioncanal.com\\\/blog\\\/#website\"},\"primaryImageOfPage\":{\"@id\":\"https:\\\/\\\/www.fundacioncanal.com\\\/blog\\\/empleate-en-verde\\\/#primaryimage\"},\"image\":{\"@id\":\"https:\\\/\\\/www.fundacioncanal.com\\\/blog\\\/empleate-en-verde\\\/#primaryimage\"},\"thumbnailUrl\":\"https:\\\/\\\/www.fundacioncanal.com\\\/blog\\\/wp-content\\\/uploads\\\/2021\\\/02\\\/blog-eficiencia-FEBRERO.jpg\",\"datePublished\":\"2021-03-11T07:52:52+00:00\",\"dateModified\":\"2022-12-30T11:36:49+00:00\",\"author\":{\"@id\":\"https:\\\/\\\/www.fundacioncanal.com\\\/blog\\\/#\\\/schema\\\/person\\\/a7a3324151245c7e962937d5d2e70356\"},\"description\":\"Empl\u00e9ate en verde\",\"breadcrumb\":{\"@id\":\"https:\\\/\\\/www.fundacioncanal.com\\\/blog\\\/empleate-en-verde\\\/#breadcrumb\"},\"inLanguage\":\"es\",\"potentialAction\":[{\"@type\":\"ReadAction\",\"target\":[\"https:\\\/\\\/www.fundacioncanal.com\\\/blog\\\/empleate-en-verde\\\/\"]}]},{\"@type\":\"ImageObject\",\"inLanguage\":\"es\",\"@id\":\"https:\\\/\\\/www.fundacioncanal.com\\\/blog\\\/empleate-en-verde\\\/#primaryimage\",\"url\":\"https:\\\/\\\/www.fundacioncanal.com\\\/blog\\\/wp-content\\\/uploads\\\/2021\\\/02\\\/blog-eficiencia-FEBRERO.jpg\",\"contentUrl\":\"https:\\\/\\\/www.fundacioncanal.com\\\/blog\\\/wp-content\\\/uploads\\\/2021\\\/02\\\/blog-eficiencia-FEBRERO.jpg\",\"width\":1800,\"height\":1200,\"caption\":\"empleo-verde\"},{\"@type\":\"BreadcrumbList\",\"@id\":\"https:\\\/\\\/www.fundacioncanal.com\\\/blog\\\/empleate-en-verde\\\/#breadcrumb\",\"itemListElement\":[{\"@type\":\"ListItem\",\"position\":1,\"name\":\"Portada\",\"item\":\"https:\\\/\\\/www.fundacioncanal.com\\\/blog\\\/\"},{\"@type\":\"ListItem\",\"position\":2,\"name\":\"Empl\u00e9ate en verde\"}]},{\"@type\":\"WebSite\",\"@id\":\"https:\\\/\\\/www.fundacioncanal.com\\\/blog\\\/#website\",\"url\":\"https:\\\/\\\/www.fundacioncanal.com\\\/blog\\\/\",\"name\":\"Fundaci\u00f3n Canal\",\"description\":\"Somos agua. El videoblog ambiental de la Fundaci\u00f3n Canal\",\"potentialAction\":[{\"@type\":\"SearchAction\",\"target\":{\"@type\":\"EntryPoint\",\"urlTemplate\":\"https:\\\/\\\/www.fundacioncanal.com\\\/blog\\\/?s={search_term_string}\"},\"query-input\":{\"@type\":\"PropertyValueSpecification\",\"valueRequired\":true,\"valueName\":\"search_term_string\"}}],\"inLanguage\":\"es\"},{\"@type\":\"Person\",\"@id\":\"https:\\\/\\\/www.fundacioncanal.com\\\/blog\\\/#\\\/schema\\\/person\\\/a7a3324151245c7e962937d5d2e70356\",\"name\":\"Meytel\",\"image\":{\"@type\":\"ImageObject\",\"inLanguage\":\"es\",\"@id\":\"https:\\\/\\\/secure.gravatar.com\\\/avatar\\\/3ea1c971526bca7c257353d10cfdb3b204f84d923d72e4c7b4be18d7c9869ea9?s=96&d=mm&r=g\",\"url\":\"https:\\\/\\\/secure.gravatar.com\\\/avatar\\\/3ea1c971526bca7c257353d10cfdb3b204f84d923d72e4c7b4be18d7c9869ea9?s=96&d=mm&r=g\",\"contentUrl\":\"https:\\\/\\\/secure.gravatar.com\\\/avatar\\\/3ea1c971526bca7c257353d10cfdb3b204f84d923d72e4c7b4be18d7c9869ea9?s=96&d=mm&r=g\",\"caption\":\"Meytel\"},\"url\":\"https:\\\/\\\/www.fundacioncanal.com\\\/blog\\\/author\\\/meytel\\\/\"}]}<\/script>\n<!-- \/ Yoast SEO plugin. -->","yoast_head_json":{"title":"Empl\u00e9ate en verde - Fundaci\u00f3n Canal","description":"Empl\u00e9ate en verde","robots":{"index":"index","follow":"follow","max-snippet":"max-snippet:-1","max-image-preview":"max-image-preview:large","max-video-preview":"max-video-preview:-1"},"canonical":"https:\/\/www.fundacioncanal.com\/blog\/empleate-en-verde\/","og_locale":"es_ES","og_type":"article","og_title":"Empl\u00e9ate en verde - Fundaci\u00f3n Canal","og_description":"Empl\u00e9ate en verde","og_url":"https:\/\/www.fundacioncanal.com\/blog\/empleate-en-verde\/","og_site_name":"Fundaci\u00f3n Canal","article_published_time":"2021-03-11T07:52:52+00:00","article_modified_time":"2022-12-30T11:36:49+00:00","og_image":[{"width":1024,"height":683,"url":"https:\/\/www.fundacioncanal.com\/blog\/wp-content\/uploads\/2021\/02\/blog-eficiencia-FEBRERO-1024x683.jpg","type":"image\/jpeg"}],"author":"Meytel","twitter_card":"summary_large_image","twitter_misc":{"Escrito por":"Meytel","Tiempo de lectura":"5 minutos"},"schema":{"@context":"https:\/\/schema.org","@graph":[{"@type":"Article","@id":"https:\/\/www.fundacioncanal.com\/blog\/empleate-en-verde\/#article","isPartOf":{"@id":"https:\/\/www.fundacioncanal.com\/blog\/empleate-en-verde\/"},"author":{"name":"Meytel","@id":"https:\/\/www.fundacioncanal.com\/blog\/#\/schema\/person\/a7a3324151245c7e962937d5d2e70356"},"headline":"Empl\u00e9ate en verde","datePublished":"2021-03-11T07:52:52+00:00","dateModified":"2022-12-30T11:36:49+00:00","mainEntityOfPage":{"@id":"https:\/\/www.fundacioncanal.com\/blog\/empleate-en-verde\/"},"wordCount":938,"commentCount":0,"image":{"@id":"https:\/\/www.fundacioncanal.com\/blog\/empleate-en-verde\/#primaryimage"},"thumbnailUrl":"https:\/\/www.fundacioncanal.com\/blog\/wp-content\/uploads\/2021\/02\/blog-eficiencia-FEBRERO.jpg","articleSection":["Econom\u00eda verde"],"inLanguage":"es","potentialAction":[{"@type":"CommentAction","name":"Comment","target":["https:\/\/www.fundacioncanal.com\/blog\/empleate-en-verde\/#respond"]}]},{"@type":"WebPage","@id":"https:\/\/www.fundacioncanal.com\/blog\/empleate-en-verde\/","url":"https:\/\/www.fundacioncanal.com\/blog\/empleate-en-verde\/","name":"Empl\u00e9ate en verde - Fundaci\u00f3n Canal","isPartOf":{"@id":"https:\/\/www.fundacioncanal.com\/blog\/#website"},"primaryImageOfPage":{"@id":"https:\/\/www.fundacioncanal.com\/blog\/empleate-en-verde\/#primaryimage"},"image":{"@id":"https:\/\/www.fundacioncanal.com\/blog\/empleate-en-verde\/#primaryimage"},"thumbnailUrl":"https:\/\/www.fundacioncanal.com\/blog\/wp-content\/uploads\/2021\/02\/blog-eficiencia-FEBRERO.jpg","datePublished":"2021-03-11T07:52:52+00:00","dateModified":"2022-12-30T11:36:49+00:00","author":{"@id":"https:\/\/www.fundacioncanal.com\/blog\/#\/schema\/person\/a7a3324151245c7e962937d5d2e70356"},"description":"Empl\u00e9ate en verde","breadcrumb":{"@id":"https:\/\/www.fundacioncanal.com\/blog\/empleate-en-verde\/#breadcrumb"},"inLanguage":"es","potentialAction":[{"@type":"ReadAction","target":["https:\/\/www.fundacioncanal.com\/blog\/empleate-en-verde\/"]}]},{"@type":"ImageObject","inLanguage":"es","@id":"https:\/\/www.fundacioncanal.com\/blog\/empleate-en-verde\/#primaryimage","url":"https:\/\/www.fundacioncanal.com\/blog\/wp-content\/uploads\/2021\/02\/blog-eficiencia-FEBRERO.jpg","contentUrl":"https:\/\/www.fundacioncanal.com\/blog\/wp-content\/uploads\/2021\/02\/blog-eficiencia-FEBRERO.jpg","width":1800,"height":1200,"caption":"empleo-verde"},{"@type":"BreadcrumbList","@id":"https:\/\/www.fundacioncanal.com\/blog\/empleate-en-verde\/#breadcrumb","itemListElement":[{"@type":"ListItem","position":1,"name":"Portada","item":"https:\/\/www.fundacioncanal.com\/blog\/"},{"@type":"ListItem","position":2,"name":"Empl\u00e9ate en verde"}]},{"@type":"WebSite","@id":"https:\/\/www.fundacioncanal.com\/blog\/#website","url":"https:\/\/www.fundacioncanal.com\/blog\/","name":"Fundaci\u00f3n Canal","description":"Somos agua. El videoblog ambiental de la Fundaci\u00f3n Canal","potentialAction":[{"@type":"SearchAction","target":{"@type":"EntryPoint","urlTemplate":"https:\/\/www.fundacioncanal.com\/blog\/?s={search_term_string}"},"query-input":{"@type":"PropertyValueSpecification","valueRequired":true,"valueName":"search_term_string"}}],"inLanguage":"es"},{"@type":"Person","@id":"https:\/\/www.fundacioncanal.com\/blog\/#\/schema\/person\/a7a3324151245c7e962937d5d2e70356","name":"Meytel","image":{"@type":"ImageObject","inLanguage":"es","@id":"https:\/\/secure.gravatar.com\/avatar\/3ea1c971526bca7c257353d10cfdb3b204f84d923d72e4c7b4be18d7c9869ea9?s=96&d=mm&r=g","url":"https:\/\/secure.gravatar.com\/avatar\/3ea1c971526bca7c257353d10cfdb3b204f84d923d72e4c7b4be18d7c9869ea9?s=96&d=mm&r=g","contentUrl":"https:\/\/secure.gravatar.com\/avatar\/3ea1c971526bca7c257353d10cfdb3b204f84d923d72e4c7b4be18d7c9869ea9?s=96&d=mm&r=g","caption":"Meytel"},"url":"https:\/\/www.fundacioncanal.com\/blog\/author\/meytel\/"}]}},"_links":{"self":[{"href":"https:\/\/www.fundacioncanal.com\/blog\/wp-json\/wp\/v2\/posts\/1591","targetHints":{"allow":["GET"]}}],"collection":[{"href":"https:\/\/www.fundacioncanal.com\/blog\/wp-json\/wp\/v2\/posts"}],"about":[{"href":"https:\/\/www.fundacioncanal.com\/blog\/wp-json\/wp\/v2\/types\/post"}],"author":[{"embeddable":true,"href":"https:\/\/www.fundacioncanal.com\/blog\/wp-json\/wp\/v2\/users\/10"}],"replies":[{"embeddable":true,"href":"https:\/\/www.fundacioncanal.com\/blog\/wp-json\/wp\/v2\/comments?post=1591"}],"version-history":[{"count":0,"href":"https:\/\/www.fundacioncanal.com\/blog\/wp-json\/wp\/v2\/posts\/1591\/revisions"}],"wp:featuredmedia":[{"embeddable":true,"href":"https:\/\/www.fundacioncanal.com\/blog\/wp-json\/wp\/v2\/media\/1550"}],"wp:attachment":[{"href":"https:\/\/www.fundacioncanal.com\/blog\/wp-json\/wp\/v2\/media?parent=1591"}],"wp:term":[{"taxonomy":"category","embeddable":true,"href":"https:\/\/www.fundacioncanal.com\/blog\/wp-json\/wp\/v2\/categories?post=1591"},{"taxonomy":"post_tag","embeddable":true,"href":"https:\/\/www.fundacioncanal.com\/blog\/wp-json\/wp\/v2\/tags?post=1591"}],"curies":[{"name":"wp","href":"https:\/\/api.w.org\/{rel}","templated":true}]}}