{"id":723,"date":"2020-07-10T11:34:24","date_gmt":"2020-07-10T11:34:24","guid":{"rendered":"https:\/\/www.fundacioncanal.com\/blog\/?p=723"},"modified":"2024-10-08T10:21:18","modified_gmt":"2024-10-08T10:21:18","slug":"somos-naturaleza","status":"publish","type":"post","link":"http:\/\/www.fundacioncanal.com\/blog\/somos-naturaleza\/","title":{"rendered":"Somos naturaleza"},"content":{"rendered":"\n<p class=\"has-text-color has-small-font-size has-thb-accent-color\"><em>(Tiempo de lectura estimado: 3 minutos) <\/em>\u2013 <strong>Art\u00edculo disponible en audio<\/strong>.<\/p>\n\n\n\n<figure class=\"wp-block-audio\"><audio controls src=\"https:\/\/www.fundacioncanal.com\/blog\/wp-content\/uploads\/2020\/07\/FUNDACION-CANAL_SOMOS-NATURALEZA_JULIO-2020-2.mp3\" preload=\"auto\"><\/audio><\/figure>\n\n\n\n<div style=\"height:43px\" aria-hidden=\"true\" class=\"wp-block-spacer\"><\/div>\n\n\n\n<p>Con la llegada de la \u00e9poca estival y las vacaciones y la paulatina normalizaci\u00f3n, tambi\u00e9n hemos recuperado la posibilidad de salir al campo a dar un paseo, a hacer algo de deporte, o simplemente a disfrutar de los espacios abiertos. Tras semanas de encierro sentimos la llamada de la <strong>naturaleza<\/strong>, esa necesidad at\u00e1vica de contactar con la <strong>tierra<\/strong>.<\/p>\n\n\n\n<p>De esta forma, hemos podido comprobar como, al remitir el <strong>confinamiento<\/strong>, los parques y jardines de nuestras ciudades, los caminos rurales de nuestros pueblos, se han llenado de paseantes deseosos de disfrutar de esta primavera tan exuberante, consecuencia de un mes de <strong>abril c\u00e1lido <\/strong>y at\u00edpicamente <strong>h\u00famedo <\/strong>(<a href=\"http:\/\/www.aemet.es\/documentos\/es\/serviciosclimaticos\/vigilancia_clima\/resumenes_climat\/mensuales\/2020\/res_mens_clim_2020_04.pdf\">AEMET, 2020<\/a>). Todos charlando animadamente con amigos y familiares, normalmente a paso ligero para que el paseo cunda m\u00e1s o al menos nos de esa sensaci\u00f3n. Es comprensible, en el fondo <strong>somos naturaleza<\/strong>.<\/p>\n\n\n\n<p>En realidad, la naturaleza no nos necesita especialmente y hemos podido observar c\u00f3mo durante nuestra parada obligada los indicadores de su estado de salud mejoraban ostensiblemente: la <strong>calidad del aire<\/strong> en las grandes ciudades, la <strong>calidad de las aguas<\/strong> de nuestros r\u00edos y embalses, los animales silvestres frecuentando sin disimulo zonas humanizadas, la vegetaci\u00f3n recuperando su espacio. Pero en el fondo, somos una parte m\u00e1s del engranaje de los ecosistemas, \u00bfPor qu\u00e9? Porque somos naturaleza.<\/p>\n\n\n\n<p>Durante nuestra larga estancia casera hemos tenido ocasi\u00f3n de disfrutar de abundantes <strong>productos audiovisuales<\/strong> en los tradicionales canales de televisi\u00f3n o en las m\u00e1s modernas <strong>plataformas de contenidos<\/strong> y, por supuesto, en las omnipresentes <strong>redes sociales<\/strong>. La diversidad de contenidos ambientales es enorme y contrasta con aquellos a\u00f1os de <a href=\"https:\/\/www.rtve.es\/alacarta\/videos\/el-hombre-y-la-tierra\/\">El hombre y la tierra<\/a> (1974-1981), en la que <a href=\"https:\/\/www.rtve.es\/television\/20200310\/imprescindibles-felix-rodriguez-fuente\/1686680.shtml\">F\u00e9lix Rodr\u00edguez de la Fuente<\/a> encandilaba a grandes y peque\u00f1os con sus apasionantes relatos sobre la naturaleza de la <strong>pen\u00ednsula ib\u00e9rica<\/strong>. Desde entonces, otros programas de producci\u00f3n espa\u00f1ola han ido tomando ese testigo de la divulgaci\u00f3n y sensibilizaci\u00f3n ambiental: <a href=\"https:\/\/blog.tvalacarta.info\/programa\/rtve\/el-arca-de-noe-serie-documental\/\">El arca de No\u00e9<\/a> (1983-1987), <a href=\"https:\/\/www.rtve.es\/television\/escarabajo\/programa\/\">El escarabajo verde<\/a> (1997-2020), <a href=\"http:\/\/www.elbosqueprotector.es\/El_Bosque_Protector\/Inicio.html\">El bosque protector<\/a> (2002-2020) o el m\u00e1s reciente <a href=\"https:\/\/www.rtve.es\/television\/aqui-la-tierra\/\">Aqu\u00ed la Tierra<\/a> (2014-2020) de nuestro buen amigo <a href=\"https:\/\/www.rtve.es\/television\/20140522\/jacob-petrus\/938580.shtml\">Jacob Petrus<\/a>. Cada uno en su medida ha ido contribuyendo a desentra\u00f1ar los secretos de la naturaleza, que nos llama poderosamente la atenci\u00f3n porque es parte de nuestra identidad.<\/p>\n\n\n\n<div style=\"height:20px\" aria-hidden=\"true\" class=\"wp-block-spacer\"><\/div>\n\n\n\n<h4 class=\"wp-block-heading\"><strong>Generaci\u00f3n de riqueza y empleo cualificado <\/strong><\/h4>\n\n\n\n<p>Por eso, ahora que volvemos a la ansiada normalidad es importante que valoremos la enorme oportunidad que nos brinda el sector ambiental para la <strong>reactivaci\u00f3n econ\u00f3mica<\/strong>, la generaci\u00f3n de riqueza y empleo cualificado. Aprovechemos el impulso europeo a trav\u00e9s del <a href=\"https:\/\/ec.europa.eu\/info\/strategy\/priorities-2019-2024\/european-green-deal_es\">Green New Deal<\/a>, de forma que el par\u00f3n nos sirva de impulso para dar el salto que necesitamos para descarbonizar la econom\u00eda y combatir el <strong>cambio clim\u00e1tico<\/strong>. Todos los recursos econ\u00f3micos que dediquemos a la conservaci\u00f3n y mejora de la <strong>biodiversidad<\/strong>, de los ecosistemas y del escudo protector que nos proporciona la naturaleza son una inversi\u00f3n, no un gasto.<\/p>\n\n\n\n<p>Los montes, los bosques, la naturaleza en suma, supone, adem\u00e1s, una fuente de <strong>empleo estable <\/strong>a trav\u00e9s de las necesarias labores de gesti\u00f3n y conservaci\u00f3n, del <strong>aprovechamiento sostenible<\/strong> <strong>de sus<\/strong> <strong>recursos naturales<\/strong>, las empresas de turismo activo, alojamientos y establecimientos de restauraci\u00f3n en zonas rurales, y un largo etc\u00e9tera de nuevas oportunidades de negocio respetuoso por desarrollar. La <strong>Comisi\u00f3n Europea<\/strong> ya se\u00f1al\u00f3 (<a href=\"https:\/\/www.miteco.gob.es\/es\/biodiversidad\/publicaciones\/tourism_and_n2000_tcm30-196987.pdf\">DG Medio Ambiente, 2011<\/a>) que los atractivos ambientales se hab\u00edan convertido en uno de los criterios principales para los visitantes a la hora de seleccionar su destino vacacional. En concreto, apuntando que el 21% de los visitantes otorgan importancia a la presencia de lugares de la <strong>Red Natura 2000<\/strong> a la hora de elegir sus destinos tur\u00edsticos. \u00bfEl resultado econ\u00f3mico de todo ello? Las visitas a lugares de la Red Natura 2000 en Europa derivan anualmente en gastos asociados entre 50.000 y 90.000 millones de euros <a id=\"audio-enlace\" href=\"https:\/\/ec.europa.eu\/environment\/nature\/natura2000\/faq_en.htm\">(Comisi\u00f3n Europea, 2020<\/a>). En el caso de <strong>Espa\u00f1a<\/strong>, los beneficios econ\u00f3micos de la Red Natura 2000 para el conjunto de la sociedad equivalen al 4% del PIB en 2014 (<a href=\"https:\/\/www.miteco.gob.es\/es\/biodiversidad\/temas\/espacios-protegidos\/beneficios_economicos_n2000_web_2019_tcm30-498070.pdf\">MITERD, 2019<\/a>). Y es que la naturaleza es tambi\u00e9n riqueza.<\/p>\n\n\n\n<p>En tu pr\u00f3ximo paseo por el campo, disfruta, cierra los ojos, coge aire y grita \u00a1soy naturaleza!<\/p>\n\n\n\n<div style=\"height:43px\" aria-hidden=\"true\" class=\"wp-block-spacer\"><\/div>\n\n\n\n<p>Art\u00edculos relacionados con <em><strong>Econom\u00eda verde<\/strong><\/em>:<\/p>\n\n\n\n<ul class=\"wp-block-list\"><li><a href=\"https:\/\/www.fundacioncanal.com\/blog\/el-momento-del-empleo-verde\/\">El momento del empleo verde<\/a><\/li><li><a href=\"https:\/\/www.fundacioncanal.com\/blog\/cuanto-cuesta-el-cambio-climatico\/\">\u00bfCu\u00e1nto cuesta el cambio clim\u00e1tico?<\/a><\/li><\/ul>\n\n\n\n<p>         <\/p>\n","protected":false},"excerpt":{"rendered":"<p>(Tiempo de lectura estimado: 3 minutos) \u2013 Art\u00edculo disponible en audio. Con la llegada de la \u00e9poca estival y las vacaciones y la paulatina normalizaci\u00f3n, tambi\u00e9n hemos recuperado la posibilidad de salir al campo a dar un paseo, a hacer algo de deporte, o simplemente a disfrutar de los espacios abiertos. Tras semanas de encierro&hellip;<\/p>\n","protected":false},"author":10,"featured_media":726,"comment_status":"open","ping_status":"open","sticky":false,"template":"","format":"standard","meta":{"footnotes":""},"categories":[161],"tags":[],"class_list":["post-723","post","type-post","status-publish","format-standard","has-post-thumbnail","hentry","category-biodiversidad"],"yoast_head":"<!-- This site is optimized with the Yoast SEO plugin v26.8 - https:\/\/yoast.com\/product\/yoast-seo-wordpress\/ -->\n<title>Somos naturaleza - Fundaci\u00f3n Canal<\/title>\n<meta name=\"description\" content=\"Somos naturaleza\" \/>\n<meta name=\"robots\" content=\"index, follow, max-snippet:-1, max-image-preview:large, max-video-preview:-1\" \/>\n<link rel=\"canonical\" href=\"http:\/\/www.fundacioncanal.com\/blog\/somos-naturaleza\/\" \/>\n<meta property=\"og:locale\" content=\"es_ES\" \/>\n<meta property=\"og:type\" content=\"article\" \/>\n<meta property=\"og:title\" content=\"Somos naturaleza - Fundaci\u00f3n Canal\" \/>\n<meta property=\"og:description\" content=\"Somos naturaleza\" \/>\n<meta property=\"og:url\" content=\"http:\/\/www.fundacioncanal.com\/blog\/somos-naturaleza\/\" \/>\n<meta property=\"og:site_name\" content=\"Fundaci\u00f3n Canal\" \/>\n<meta property=\"article:published_time\" content=\"2020-07-10T11:34:24+00:00\" \/>\n<meta property=\"article:modified_time\" content=\"2024-10-08T10:21:18+00:00\" \/>\n<meta property=\"og:image\" content=\"http:\/\/www.fundacioncanal.com\/blog\/wp-content\/uploads\/2020\/06\/cabecera_somos_naturaleza-1.jpg\" \/>\n\t<meta property=\"og:image:width\" content=\"1920\" \/>\n\t<meta property=\"og:image:height\" content=\"670\" \/>\n\t<meta property=\"og:image:type\" content=\"image\/jpeg\" \/>\n<meta name=\"author\" content=\"Meytel\" \/>\n<meta name=\"twitter:card\" content=\"summary_large_image\" \/>\n<meta name=\"twitter:label1\" content=\"Escrito por\" \/>\n\t<meta name=\"twitter:data1\" content=\"Meytel\" \/>\n\t<meta name=\"twitter:label2\" content=\"Tiempo de lectura\" \/>\n\t<meta name=\"twitter:data2\" content=\"4 minutos\" \/>\n<script type=\"application\/ld+json\" class=\"yoast-schema-graph\">{\"@context\":\"https:\/\/schema.org\",\"@graph\":[{\"@type\":\"Article\",\"@id\":\"http:\/\/www.fundacioncanal.com\/blog\/somos-naturaleza\/#article\",\"isPartOf\":{\"@id\":\"http:\/\/www.fundacioncanal.com\/blog\/somos-naturaleza\/\"},\"author\":{\"name\":\"Meytel\",\"@id\":\"https:\/\/www.fundacioncanal.com\/blog\/en\/#\/schema\/person\/a7a3324151245c7e962937d5d2e70356\"},\"headline\":\"Somos naturaleza\",\"datePublished\":\"2020-07-10T11:34:24+00:00\",\"dateModified\":\"2024-10-08T10:21:18+00:00\",\"mainEntityOfPage\":{\"@id\":\"http:\/\/www.fundacioncanal.com\/blog\/somos-naturaleza\/\"},\"wordCount\":747,\"commentCount\":0,\"image\":{\"@id\":\"http:\/\/www.fundacioncanal.com\/blog\/somos-naturaleza\/#primaryimage\"},\"thumbnailUrl\":\"http:\/\/www.fundacioncanal.com\/blog\/wp-content\/uploads\/2020\/06\/cabecera_somos_naturaleza-1.jpg\",\"articleSection\":[\"Biodiversidad\"],\"inLanguage\":\"es\",\"potentialAction\":[{\"@type\":\"CommentAction\",\"name\":\"Comment\",\"target\":[\"http:\/\/www.fundacioncanal.com\/blog\/somos-naturaleza\/#respond\"]}]},{\"@type\":\"WebPage\",\"@id\":\"http:\/\/www.fundacioncanal.com\/blog\/somos-naturaleza\/\",\"url\":\"http:\/\/www.fundacioncanal.com\/blog\/somos-naturaleza\/\",\"name\":\"Somos naturaleza - Fundaci\u00f3n Canal\",\"isPartOf\":{\"@id\":\"https:\/\/www.fundacioncanal.com\/blog\/en\/#website\"},\"primaryImageOfPage\":{\"@id\":\"http:\/\/www.fundacioncanal.com\/blog\/somos-naturaleza\/#primaryimage\"},\"image\":{\"@id\":\"http:\/\/www.fundacioncanal.com\/blog\/somos-naturaleza\/#primaryimage\"},\"thumbnailUrl\":\"http:\/\/www.fundacioncanal.com\/blog\/wp-content\/uploads\/2020\/06\/cabecera_somos_naturaleza-1.jpg\",\"datePublished\":\"2020-07-10T11:34:24+00:00\",\"dateModified\":\"2024-10-08T10:21:18+00:00\",\"author\":{\"@id\":\"https:\/\/www.fundacioncanal.com\/blog\/en\/#\/schema\/person\/a7a3324151245c7e962937d5d2e70356\"},\"description\":\"Somos naturaleza\",\"breadcrumb\":{\"@id\":\"http:\/\/www.fundacioncanal.com\/blog\/somos-naturaleza\/#breadcrumb\"},\"inLanguage\":\"es\",\"potentialAction\":[{\"@type\":\"ReadAction\",\"target\":[\"http:\/\/www.fundacioncanal.com\/blog\/somos-naturaleza\/\"]}]},{\"@type\":\"ImageObject\",\"inLanguage\":\"es\",\"@id\":\"http:\/\/www.fundacioncanal.com\/blog\/somos-naturaleza\/#primaryimage\",\"url\":\"http:\/\/www.fundacioncanal.com\/blog\/wp-content\/uploads\/2020\/06\/cabecera_somos_naturaleza-1.jpg\",\"contentUrl\":\"http:\/\/www.fundacioncanal.com\/blog\/wp-content\/uploads\/2020\/06\/cabecera_somos_naturaleza-1.jpg\",\"width\":1920,\"height\":670,\"caption\":\"somos-naturaleza-confinamiento\"},{\"@type\":\"BreadcrumbList\",\"@id\":\"http:\/\/www.fundacioncanal.com\/blog\/somos-naturaleza\/#breadcrumb\",\"itemListElement\":[{\"@type\":\"ListItem\",\"position\":1,\"name\":\"Portada\",\"item\":\"https:\/\/www.fundacioncanal.com\/blog\/en\/\"},{\"@type\":\"ListItem\",\"position\":2,\"name\":\"Somos naturaleza\"}]},{\"@type\":\"WebSite\",\"@id\":\"https:\/\/www.fundacioncanal.com\/blog\/en\/#website\",\"url\":\"https:\/\/www.fundacioncanal.com\/blog\/en\/\",\"name\":\"Fundaci\u00f3n Canal\",\"description\":\"Somos agua. El videoblog ambiental de la Fundaci\u00f3n Canal\",\"potentialAction\":[{\"@type\":\"SearchAction\",\"target\":{\"@type\":\"EntryPoint\",\"urlTemplate\":\"https:\/\/www.fundacioncanal.com\/blog\/en\/?s={search_term_string}\"},\"query-input\":{\"@type\":\"PropertyValueSpecification\",\"valueRequired\":true,\"valueName\":\"search_term_string\"}}],\"inLanguage\":\"es\"},{\"@type\":\"Person\",\"@id\":\"https:\/\/www.fundacioncanal.com\/blog\/en\/#\/schema\/person\/a7a3324151245c7e962937d5d2e70356\",\"name\":\"Meytel\",\"image\":{\"@type\":\"ImageObject\",\"inLanguage\":\"es\",\"@id\":\"https:\/\/www.fundacioncanal.com\/blog\/en\/#\/schema\/person\/image\/\",\"url\":\"https:\/\/secure.gravatar.com\/avatar\/3ea1c971526bca7c257353d10cfdb3b204f84d923d72e4c7b4be18d7c9869ea9?s=96&d=mm&r=g\",\"contentUrl\":\"https:\/\/secure.gravatar.com\/avatar\/3ea1c971526bca7c257353d10cfdb3b204f84d923d72e4c7b4be18d7c9869ea9?s=96&d=mm&r=g\",\"caption\":\"Meytel\"},\"url\":\"http:\/\/www.fundacioncanal.com\/blog\/author\/meytel\/\"}]}<\/script>\n<!-- \/ Yoast SEO plugin. -->","yoast_head_json":{"title":"Somos naturaleza - Fundaci\u00f3n Canal","description":"Somos naturaleza","robots":{"index":"index","follow":"follow","max-snippet":"max-snippet:-1","max-image-preview":"max-image-preview:large","max-video-preview":"max-video-preview:-1"},"canonical":"http:\/\/www.fundacioncanal.com\/blog\/somos-naturaleza\/","og_locale":"es_ES","og_type":"article","og_title":"Somos naturaleza - Fundaci\u00f3n Canal","og_description":"Somos naturaleza","og_url":"http:\/\/www.fundacioncanal.com\/blog\/somos-naturaleza\/","og_site_name":"Fundaci\u00f3n Canal","article_published_time":"2020-07-10T11:34:24+00:00","article_modified_time":"2024-10-08T10:21:18+00:00","og_image":[{"width":1920,"height":670,"url":"http:\/\/www.fundacioncanal.com\/blog\/wp-content\/uploads\/2020\/06\/cabecera_somos_naturaleza-1.jpg","type":"image\/jpeg"}],"author":"Meytel","twitter_card":"summary_large_image","twitter_misc":{"Escrito por":"Meytel","Tiempo de lectura":"4 minutos"},"schema":{"@context":"https:\/\/schema.org","@graph":[{"@type":"Article","@id":"http:\/\/www.fundacioncanal.com\/blog\/somos-naturaleza\/#article","isPartOf":{"@id":"http:\/\/www.fundacioncanal.com\/blog\/somos-naturaleza\/"},"author":{"name":"Meytel","@id":"https:\/\/www.fundacioncanal.com\/blog\/en\/#\/schema\/person\/a7a3324151245c7e962937d5d2e70356"},"headline":"Somos naturaleza","datePublished":"2020-07-10T11:34:24+00:00","dateModified":"2024-10-08T10:21:18+00:00","mainEntityOfPage":{"@id":"http:\/\/www.fundacioncanal.com\/blog\/somos-naturaleza\/"},"wordCount":747,"commentCount":0,"image":{"@id":"http:\/\/www.fundacioncanal.com\/blog\/somos-naturaleza\/#primaryimage"},"thumbnailUrl":"http:\/\/www.fundacioncanal.com\/blog\/wp-content\/uploads\/2020\/06\/cabecera_somos_naturaleza-1.jpg","articleSection":["Biodiversidad"],"inLanguage":"es","potentialAction":[{"@type":"CommentAction","name":"Comment","target":["http:\/\/www.fundacioncanal.com\/blog\/somos-naturaleza\/#respond"]}]},{"@type":"WebPage","@id":"http:\/\/www.fundacioncanal.com\/blog\/somos-naturaleza\/","url":"http:\/\/www.fundacioncanal.com\/blog\/somos-naturaleza\/","name":"Somos naturaleza - Fundaci\u00f3n Canal","isPartOf":{"@id":"https:\/\/www.fundacioncanal.com\/blog\/en\/#website"},"primaryImageOfPage":{"@id":"http:\/\/www.fundacioncanal.com\/blog\/somos-naturaleza\/#primaryimage"},"image":{"@id":"http:\/\/www.fundacioncanal.com\/blog\/somos-naturaleza\/#primaryimage"},"thumbnailUrl":"http:\/\/www.fundacioncanal.com\/blog\/wp-content\/uploads\/2020\/06\/cabecera_somos_naturaleza-1.jpg","datePublished":"2020-07-10T11:34:24+00:00","dateModified":"2024-10-08T10:21:18+00:00","author":{"@id":"https:\/\/www.fundacioncanal.com\/blog\/en\/#\/schema\/person\/a7a3324151245c7e962937d5d2e70356"},"description":"Somos naturaleza","breadcrumb":{"@id":"http:\/\/www.fundacioncanal.com\/blog\/somos-naturaleza\/#breadcrumb"},"inLanguage":"es","potentialAction":[{"@type":"ReadAction","target":["http:\/\/www.fundacioncanal.com\/blog\/somos-naturaleza\/"]}]},{"@type":"ImageObject","inLanguage":"es","@id":"http:\/\/www.fundacioncanal.com\/blog\/somos-naturaleza\/#primaryimage","url":"http:\/\/www.fundacioncanal.com\/blog\/wp-content\/uploads\/2020\/06\/cabecera_somos_naturaleza-1.jpg","contentUrl":"http:\/\/www.fundacioncanal.com\/blog\/wp-content\/uploads\/2020\/06\/cabecera_somos_naturaleza-1.jpg","width":1920,"height":670,"caption":"somos-naturaleza-confinamiento"},{"@type":"BreadcrumbList","@id":"http:\/\/www.fundacioncanal.com\/blog\/somos-naturaleza\/#breadcrumb","itemListElement":[{"@type":"ListItem","position":1,"name":"Portada","item":"https:\/\/www.fundacioncanal.com\/blog\/en\/"},{"@type":"ListItem","position":2,"name":"Somos naturaleza"}]},{"@type":"WebSite","@id":"https:\/\/www.fundacioncanal.com\/blog\/en\/#website","url":"https:\/\/www.fundacioncanal.com\/blog\/en\/","name":"Fundaci\u00f3n Canal","description":"Somos agua. El videoblog ambiental de la Fundaci\u00f3n Canal","potentialAction":[{"@type":"SearchAction","target":{"@type":"EntryPoint","urlTemplate":"https:\/\/www.fundacioncanal.com\/blog\/en\/?s={search_term_string}"},"query-input":{"@type":"PropertyValueSpecification","valueRequired":true,"valueName":"search_term_string"}}],"inLanguage":"es"},{"@type":"Person","@id":"https:\/\/www.fundacioncanal.com\/blog\/en\/#\/schema\/person\/a7a3324151245c7e962937d5d2e70356","name":"Meytel","image":{"@type":"ImageObject","inLanguage":"es","@id":"https:\/\/www.fundacioncanal.com\/blog\/en\/#\/schema\/person\/image\/","url":"https:\/\/secure.gravatar.com\/avatar\/3ea1c971526bca7c257353d10cfdb3b204f84d923d72e4c7b4be18d7c9869ea9?s=96&d=mm&r=g","contentUrl":"https:\/\/secure.gravatar.com\/avatar\/3ea1c971526bca7c257353d10cfdb3b204f84d923d72e4c7b4be18d7c9869ea9?s=96&d=mm&r=g","caption":"Meytel"},"url":"http:\/\/www.fundacioncanal.com\/blog\/author\/meytel\/"}]}},"_links":{"self":[{"href":"http:\/\/www.fundacioncanal.com\/blog\/wp-json\/wp\/v2\/posts\/723","targetHints":{"allow":["GET"]}}],"collection":[{"href":"http:\/\/www.fundacioncanal.com\/blog\/wp-json\/wp\/v2\/posts"}],"about":[{"href":"http:\/\/www.fundacioncanal.com\/blog\/wp-json\/wp\/v2\/types\/post"}],"author":[{"embeddable":true,"href":"http:\/\/www.fundacioncanal.com\/blog\/wp-json\/wp\/v2\/users\/10"}],"replies":[{"embeddable":true,"href":"http:\/\/www.fundacioncanal.com\/blog\/wp-json\/wp\/v2\/comments?post=723"}],"version-history":[{"count":0,"href":"http:\/\/www.fundacioncanal.com\/blog\/wp-json\/wp\/v2\/posts\/723\/revisions"}],"wp:featuredmedia":[{"embeddable":true,"href":"http:\/\/www.fundacioncanal.com\/blog\/wp-json\/wp\/v2\/media\/726"}],"wp:attachment":[{"href":"http:\/\/www.fundacioncanal.com\/blog\/wp-json\/wp\/v2\/media?parent=723"}],"wp:term":[{"taxonomy":"category","embeddable":true,"href":"http:\/\/www.fundacioncanal.com\/blog\/wp-json\/wp\/v2\/categories?post=723"},{"taxonomy":"post_tag","embeddable":true,"href":"http:\/\/www.fundacioncanal.com\/blog\/wp-json\/wp\/v2\/tags?post=723"}],"curies":[{"name":"wp","href":"https:\/\/api.w.org\/{rel}","templated":true}]}}